{"id":3831,"date":"2024-06-24T11:47:50","date_gmt":"2024-06-24T09:47:50","guid":{"rendered":"https:\/\/delormel-pompes-funebres-marbrerie.com\/?p=3831"},"modified":"2024-06-24T11:47:53","modified_gmt":"2024-06-24T09:47:53","slug":"elisabeth-canny","status":"publish","type":"post","link":"https:\/\/delormel-pompes-funebres-marbrerie.com\/en\/elisabeth-canny\/","title":{"rendered":"Elisabeth CANNY"},"content":{"rendered":"<p>Maignelay-Montigny : Mme Elisabeth CANNY n\u00e9e ZONARD <\/p>\n\n\n\n<p>d\u00e9c\u00e9d\u00e9e le 21 Juin 2024 \u00e0 COMPI\u00c8GNE \u00e0 l&rsquo;\u00e2ge de 70 ans.<\/p>\n\n\n\n<p>La cr\u00e9mation aura lieu le Jeudi 27 Juin 2024 \u00e0 10H30 au cr\u00e9matorium <\/p>\n\n\n\n<p>de ST-SAUVEUR o\u00f9 l&rsquo;on se r\u00e9unira \u00e0 10h00. Un hommage lui sera rendu \u00e0 15h30 <\/p>\n\n\n\n<p>au cimeti\u00e8re de MONTIGNY.<\/p>\n\n\n\n<p>Que des Fleurs naturelles s&rsquo;il vous plait.<\/p>","protected":false},"excerpt":{"rendered":"<p>Maignelay-Montigny : Mme Elisabeth CANNY n\u00e9e ZONARD d\u00e9c\u00e9d\u00e9e le 21 Juin 2024 \u00e0 COMPI\u00c8GNE \u00e0 l&rsquo;\u00e2ge de 70 ans. La cr\u00e9mation aura lieu le Jeudi 27 Juin 2024 \u00e0 10H30 au cr\u00e9matorium de ST-SAUVEUR o\u00f9 l&rsquo;on se r\u00e9unira \u00e0 10h00. Un hommage lui sera rendu \u00e0 15h30 au cimeti\u00e8re de MONTIGNY. Que des Fleurs naturelles [&hellip;]<\/p>\n","protected":false},"author":2,"featured_media":2819,"comment_status":"open","ping_status":"closed","sticky":false,"template":"","format":"standard","meta":{"footnotes":""},"categories":[29],"tags":[64,71,68],"class_list":["post-3831","post","type-post","status-publish","format-standard","has-post-thumbnail","hentry","category-necrologie","tag-cremation","tag-deuils","tag-oise"],"yoast_head":"<!-- This site is optimized with the Yoast SEO plugin v27.5 - https:\/\/yoast.com\/product\/yoast-seo-wordpress\/ -->\n<title>Elisabeth CANNY - Pompes fun\u00e8bres Delormel &amp; fils - St Just en Chauss\u00e9e<\/title>\n<meta name=\"robots\" content=\"index, follow, max-snippet:-1, max-image-preview:large, max-video-preview:-1\" \/>\n<link rel=\"canonical\" href=\"https:\/\/delormel-pompes-funebres-marbrerie.com\/en\/elisabeth-canny\/\" \/>\n<meta property=\"og:locale\" content=\"en_GB\" \/>\n<meta property=\"og:type\" content=\"article\" \/>\n<meta property=\"og:title\" content=\"Elisabeth CANNY - Pompes fun\u00e8bres Delormel &amp; fils - St Just en Chauss\u00e9e\" \/>\n<meta property=\"og:description\" content=\"Maignelay-Montigny : Mme Elisabeth CANNY n\u00e9e ZONARD d\u00e9c\u00e9d\u00e9e le 21 Juin 2024 \u00e0 COMPI\u00c8GNE \u00e0 l&rsquo;\u00e2ge de 70 ans. La cr\u00e9mation aura lieu le Jeudi 27 Juin 2024 \u00e0 10H30 au cr\u00e9matorium de ST-SAUVEUR o\u00f9 l&rsquo;on se r\u00e9unira \u00e0 10h00. Un hommage lui sera rendu \u00e0 15h30 au cimeti\u00e8re de MONTIGNY. Que des Fleurs naturelles [&hellip;]\" \/>\n<meta property=\"og:url\" content=\"https:\/\/delormel-pompes-funebres-marbrerie.com\/en\/elisabeth-canny\/\" \/>\n<meta property=\"og:site_name\" content=\"Pompes fun\u00e8bres Delormel &amp; fils - St Just en Chauss\u00e9e\" \/>\n<meta property=\"article:published_time\" content=\"2024-06-24T09:47:50+00:00\" \/>\n<meta property=\"article:modified_time\" content=\"2024-06-24T09:47:53+00:00\" \/>\n<meta property=\"og:image\" content=\"https:\/\/delormel-pompes-funebres-marbrerie.com\/wp-content\/uploads\/2022\/02\/bougie-espoir-lueur-deuil-e1645549094437.jpeg\" \/>\n\t<meta property=\"og:image:width\" content=\"600\" \/>\n\t<meta property=\"og:image:height\" content=\"432\" \/>\n\t<meta property=\"og:image:type\" content=\"image\/jpeg\" \/>\n<meta name=\"author\" content=\"Hugo Delormel\" \/>\n<meta name=\"twitter:card\" content=\"summary_large_image\" \/>\n<meta name=\"twitter:label1\" content=\"Written by\" \/>\n\t<meta name=\"twitter:data1\" content=\"Hugo Delormel\" \/>\n\t<meta name=\"twitter:label2\" content=\"Estimated reading time\" \/>\n\t<meta name=\"twitter:data2\" content=\"1 minute\" \/>\n<script type=\"application\/ld+json\" class=\"yoast-schema-graph\">{\"@context\":\"https:\\\/\\\/schema.org\",\"@graph\":[{\"@type\":\"Article\",\"@id\":\"https:\\\/\\\/delormel-pompes-funebres-marbrerie.com\\\/elisabeth-canny\\\/#article\",\"isPartOf\":{\"@id\":\"https:\\\/\\\/delormel-pompes-funebres-marbrerie.com\\\/elisabeth-canny\\\/\"},\"author\":{\"name\":\"Hugo Delormel\",\"@id\":\"https:\\\/\\\/delormel-pompes-funebres-marbrerie.com\\\/#\\\/schema\\\/person\\\/c651fce0739482ce8dad80f22a800a6f\"},\"headline\":\"Elisabeth CANNY\",\"datePublished\":\"2024-06-24T09:47:50+00:00\",\"dateModified\":\"2024-06-24T09:47:53+00:00\",\"mainEntityOfPage\":{\"@id\":\"https:\\\/\\\/delormel-pompes-funebres-marbrerie.com\\\/elisabeth-canny\\\/\"},\"wordCount\":61,\"commentCount\":4,\"image\":{\"@id\":\"https:\\\/\\\/delormel-pompes-funebres-marbrerie.com\\\/elisabeth-canny\\\/#primaryimage\"},\"thumbnailUrl\":\"https:\\\/\\\/delormel-pompes-funebres-marbrerie.com\\\/wp-content\\\/uploads\\\/2022\\\/02\\\/bougie-espoir-lueur-deuil-e1645549094437.jpeg\",\"keywords\":[\"cr\u00e9mation\",\"deuils\",\"oise\"],\"articleSection\":[\"N\u00e9crologie\"],\"inLanguage\":\"en-GB\",\"potentialAction\":[{\"@type\":\"CommentAction\",\"name\":\"Comment\",\"target\":[\"https:\\\/\\\/delormel-pompes-funebres-marbrerie.com\\\/elisabeth-canny\\\/#respond\"]}]},{\"@type\":\"WebPage\",\"@id\":\"https:\\\/\\\/delormel-pompes-funebres-marbrerie.com\\\/elisabeth-canny\\\/\",\"url\":\"https:\\\/\\\/delormel-pompes-funebres-marbrerie.com\\\/elisabeth-canny\\\/\",\"name\":\"Elisabeth CANNY - Pompes fun\u00e8bres Delormel &amp; fils - St Just en Chauss\u00e9e\",\"isPartOf\":{\"@id\":\"https:\\\/\\\/delormel-pompes-funebres-marbrerie.com\\\/#website\"},\"primaryImageOfPage\":{\"@id\":\"https:\\\/\\\/delormel-pompes-funebres-marbrerie.com\\\/elisabeth-canny\\\/#primaryimage\"},\"image\":{\"@id\":\"https:\\\/\\\/delormel-pompes-funebres-marbrerie.com\\\/elisabeth-canny\\\/#primaryimage\"},\"thumbnailUrl\":\"https:\\\/\\\/delormel-pompes-funebres-marbrerie.com\\\/wp-content\\\/uploads\\\/2022\\\/02\\\/bougie-espoir-lueur-deuil-e1645549094437.jpeg\",\"datePublished\":\"2024-06-24T09:47:50+00:00\",\"dateModified\":\"2024-06-24T09:47:53+00:00\",\"author\":{\"@id\":\"https:\\\/\\\/delormel-pompes-funebres-marbrerie.com\\\/#\\\/schema\\\/person\\\/c651fce0739482ce8dad80f22a800a6f\"},\"breadcrumb\":{\"@id\":\"https:\\\/\\\/delormel-pompes-funebres-marbrerie.com\\\/elisabeth-canny\\\/#breadcrumb\"},\"inLanguage\":\"en-GB\",\"potentialAction\":[{\"@type\":\"ReadAction\",\"target\":[\"https:\\\/\\\/delormel-pompes-funebres-marbrerie.com\\\/elisabeth-canny\\\/\"]}]},{\"@type\":\"ImageObject\",\"inLanguage\":\"en-GB\",\"@id\":\"https:\\\/\\\/delormel-pompes-funebres-marbrerie.com\\\/elisabeth-canny\\\/#primaryimage\",\"url\":\"https:\\\/\\\/delormel-pompes-funebres-marbrerie.com\\\/wp-content\\\/uploads\\\/2022\\\/02\\\/bougie-espoir-lueur-deuil-e1645549094437.jpeg\",\"contentUrl\":\"https:\\\/\\\/delormel-pompes-funebres-marbrerie.com\\\/wp-content\\\/uploads\\\/2022\\\/02\\\/bougie-espoir-lueur-deuil-e1645549094437.jpeg\",\"width\":600,\"height\":432},{\"@type\":\"BreadcrumbList\",\"@id\":\"https:\\\/\\\/delormel-pompes-funebres-marbrerie.com\\\/elisabeth-canny\\\/#breadcrumb\",\"itemListElement\":[{\"@type\":\"ListItem\",\"position\":1,\"name\":\"Accueil\",\"item\":\"https:\\\/\\\/delormel-pompes-funebres-marbrerie.com\\\/\"},{\"@type\":\"ListItem\",\"position\":2,\"name\":\"Elisabeth CANNY\"}]},{\"@type\":\"WebSite\",\"@id\":\"https:\\\/\\\/delormel-pompes-funebres-marbrerie.com\\\/#website\",\"url\":\"https:\\\/\\\/delormel-pompes-funebres-marbrerie.com\\\/\",\"name\":\"Pompes fun\u00e8bres Delormel et fils\",\"description\":\"Pompes fun\u00e8bres et marbrerie fun\u00e9raire\",\"potentialAction\":[{\"@type\":\"SearchAction\",\"target\":{\"@type\":\"EntryPoint\",\"urlTemplate\":\"https:\\\/\\\/delormel-pompes-funebres-marbrerie.com\\\/?s={search_term_string}\"},\"query-input\":{\"@type\":\"PropertyValueSpecification\",\"valueRequired\":true,\"valueName\":\"search_term_string\"}}],\"inLanguage\":\"en-GB\"},{\"@type\":\"Person\",\"@id\":\"https:\\\/\\\/delormel-pompes-funebres-marbrerie.com\\\/#\\\/schema\\\/person\\\/c651fce0739482ce8dad80f22a800a6f\",\"name\":\"Hugo Delormel\",\"image\":{\"@type\":\"ImageObject\",\"inLanguage\":\"en-GB\",\"@id\":\"https:\\\/\\\/secure.gravatar.com\\\/avatar\\\/1dc5d56b466df631712bcf1a55d174b9c417cef8c7261728ffeb45cf72dc007d?s=96&d=mm&r=g\",\"url\":\"https:\\\/\\\/secure.gravatar.com\\\/avatar\\\/1dc5d56b466df631712bcf1a55d174b9c417cef8c7261728ffeb45cf72dc007d?s=96&d=mm&r=g\",\"contentUrl\":\"https:\\\/\\\/secure.gravatar.com\\\/avatar\\\/1dc5d56b466df631712bcf1a55d174b9c417cef8c7261728ffeb45cf72dc007d?s=96&d=mm&r=g\",\"caption\":\"Hugo Delormel\"},\"url\":\"https:\\\/\\\/delormel-pompes-funebres-marbrerie.com\\\/en\\\/author\\\/hugo\\\/\"}]}<\/script>\n<!-- \/ Yoast SEO plugin. -->","yoast_head_json":{"title":"Elisabeth CANNY - Pompes fun\u00e8bres Delormel &amp; fils - St Just en Chauss\u00e9e","robots":{"index":"index","follow":"follow","max-snippet":"max-snippet:-1","max-image-preview":"max-image-preview:large","max-video-preview":"max-video-preview:-1"},"canonical":"https:\/\/delormel-pompes-funebres-marbrerie.com\/en\/elisabeth-canny\/","og_locale":"en_GB","og_type":"article","og_title":"Elisabeth CANNY - Pompes fun\u00e8bres Delormel &amp; fils - St Just en Chauss\u00e9e","og_description":"Maignelay-Montigny : Mme Elisabeth CANNY n\u00e9e ZONARD d\u00e9c\u00e9d\u00e9e le 21 Juin 2024 \u00e0 COMPI\u00c8GNE \u00e0 l&rsquo;\u00e2ge de 70 ans. La cr\u00e9mation aura lieu le Jeudi 27 Juin 2024 \u00e0 10H30 au cr\u00e9matorium de ST-SAUVEUR o\u00f9 l&rsquo;on se r\u00e9unira \u00e0 10h00. Un hommage lui sera rendu \u00e0 15h30 au cimeti\u00e8re de MONTIGNY. Que des Fleurs naturelles [&hellip;]","og_url":"https:\/\/delormel-pompes-funebres-marbrerie.com\/en\/elisabeth-canny\/","og_site_name":"Pompes fun\u00e8bres Delormel &amp; fils - St Just en Chauss\u00e9e","article_published_time":"2024-06-24T09:47:50+00:00","article_modified_time":"2024-06-24T09:47:53+00:00","og_image":[{"width":600,"height":432,"url":"https:\/\/delormel-pompes-funebres-marbrerie.com\/wp-content\/uploads\/2022\/02\/bougie-espoir-lueur-deuil-e1645549094437.jpeg","type":"image\/jpeg"}],"author":"Hugo Delormel","twitter_card":"summary_large_image","twitter_misc":{"Written by":"Hugo Delormel","Estimated reading time":"1 minute"},"schema":{"@context":"https:\/\/schema.org","@graph":[{"@type":"Article","@id":"https:\/\/delormel-pompes-funebres-marbrerie.com\/elisabeth-canny\/#article","isPartOf":{"@id":"https:\/\/delormel-pompes-funebres-marbrerie.com\/elisabeth-canny\/"},"author":{"name":"Hugo Delormel","@id":"https:\/\/delormel-pompes-funebres-marbrerie.com\/#\/schema\/person\/c651fce0739482ce8dad80f22a800a6f"},"headline":"Elisabeth CANNY","datePublished":"2024-06-24T09:47:50+00:00","dateModified":"2024-06-24T09:47:53+00:00","mainEntityOfPage":{"@id":"https:\/\/delormel-pompes-funebres-marbrerie.com\/elisabeth-canny\/"},"wordCount":61,"commentCount":4,"image":{"@id":"https:\/\/delormel-pompes-funebres-marbrerie.com\/elisabeth-canny\/#primaryimage"},"thumbnailUrl":"https:\/\/delormel-pompes-funebres-marbrerie.com\/wp-content\/uploads\/2022\/02\/bougie-espoir-lueur-deuil-e1645549094437.jpeg","keywords":["cr\u00e9mation","deuils","oise"],"articleSection":["N\u00e9crologie"],"inLanguage":"en-GB","potentialAction":[{"@type":"CommentAction","name":"Comment","target":["https:\/\/delormel-pompes-funebres-marbrerie.com\/elisabeth-canny\/#respond"]}]},{"@type":"WebPage","@id":"https:\/\/delormel-pompes-funebres-marbrerie.com\/elisabeth-canny\/","url":"https:\/\/delormel-pompes-funebres-marbrerie.com\/elisabeth-canny\/","name":"Elisabeth CANNY - Pompes fun\u00e8bres Delormel &amp; fils - St Just en Chauss\u00e9e","isPartOf":{"@id":"https:\/\/delormel-pompes-funebres-marbrerie.com\/#website"},"primaryImageOfPage":{"@id":"https:\/\/delormel-pompes-funebres-marbrerie.com\/elisabeth-canny\/#primaryimage"},"image":{"@id":"https:\/\/delormel-pompes-funebres-marbrerie.com\/elisabeth-canny\/#primaryimage"},"thumbnailUrl":"https:\/\/delormel-pompes-funebres-marbrerie.com\/wp-content\/uploads\/2022\/02\/bougie-espoir-lueur-deuil-e1645549094437.jpeg","datePublished":"2024-06-24T09:47:50+00:00","dateModified":"2024-06-24T09:47:53+00:00","author":{"@id":"https:\/\/delormel-pompes-funebres-marbrerie.com\/#\/schema\/person\/c651fce0739482ce8dad80f22a800a6f"},"breadcrumb":{"@id":"https:\/\/delormel-pompes-funebres-marbrerie.com\/elisabeth-canny\/#breadcrumb"},"inLanguage":"en-GB","potentialAction":[{"@type":"ReadAction","target":["https:\/\/delormel-pompes-funebres-marbrerie.com\/elisabeth-canny\/"]}]},{"@type":"ImageObject","inLanguage":"en-GB","@id":"https:\/\/delormel-pompes-funebres-marbrerie.com\/elisabeth-canny\/#primaryimage","url":"https:\/\/delormel-pompes-funebres-marbrerie.com\/wp-content\/uploads\/2022\/02\/bougie-espoir-lueur-deuil-e1645549094437.jpeg","contentUrl":"https:\/\/delormel-pompes-funebres-marbrerie.com\/wp-content\/uploads\/2022\/02\/bougie-espoir-lueur-deuil-e1645549094437.jpeg","width":600,"height":432},{"@type":"BreadcrumbList","@id":"https:\/\/delormel-pompes-funebres-marbrerie.com\/elisabeth-canny\/#breadcrumb","itemListElement":[{"@type":"ListItem","position":1,"name":"Accueil","item":"https:\/\/delormel-pompes-funebres-marbrerie.com\/"},{"@type":"ListItem","position":2,"name":"Elisabeth CANNY"}]},{"@type":"WebSite","@id":"https:\/\/delormel-pompes-funebres-marbrerie.com\/#website","url":"https:\/\/delormel-pompes-funebres-marbrerie.com\/","name":"Pompes fun\u00e8bres Delormel et fils","description":"Pompes fun\u00e8bres et marbrerie fun\u00e9raire","potentialAction":[{"@type":"SearchAction","target":{"@type":"EntryPoint","urlTemplate":"https:\/\/delormel-pompes-funebres-marbrerie.com\/?s={search_term_string}"},"query-input":{"@type":"PropertyValueSpecification","valueRequired":true,"valueName":"search_term_string"}}],"inLanguage":"en-GB"},{"@type":"Person","@id":"https:\/\/delormel-pompes-funebres-marbrerie.com\/#\/schema\/person\/c651fce0739482ce8dad80f22a800a6f","name":"Hugo Delormel","image":{"@type":"ImageObject","inLanguage":"en-GB","@id":"https:\/\/secure.gravatar.com\/avatar\/1dc5d56b466df631712bcf1a55d174b9c417cef8c7261728ffeb45cf72dc007d?s=96&d=mm&r=g","url":"https:\/\/secure.gravatar.com\/avatar\/1dc5d56b466df631712bcf1a55d174b9c417cef8c7261728ffeb45cf72dc007d?s=96&d=mm&r=g","contentUrl":"https:\/\/secure.gravatar.com\/avatar\/1dc5d56b466df631712bcf1a55d174b9c417cef8c7261728ffeb45cf72dc007d?s=96&d=mm&r=g","caption":"Hugo Delormel"},"url":"https:\/\/delormel-pompes-funebres-marbrerie.com\/en\/author\/hugo\/"}]}},"_links":{"self":[{"href":"https:\/\/delormel-pompes-funebres-marbrerie.com\/en\/wp-json\/wp\/v2\/posts\/3831","targetHints":{"allow":["GET"]}}],"collection":[{"href":"https:\/\/delormel-pompes-funebres-marbrerie.com\/en\/wp-json\/wp\/v2\/posts"}],"about":[{"href":"https:\/\/delormel-pompes-funebres-marbrerie.com\/en\/wp-json\/wp\/v2\/types\/post"}],"author":[{"embeddable":true,"href":"https:\/\/delormel-pompes-funebres-marbrerie.com\/en\/wp-json\/wp\/v2\/users\/2"}],"replies":[{"embeddable":true,"href":"https:\/\/delormel-pompes-funebres-marbrerie.com\/en\/wp-json\/wp\/v2\/comments?post=3831"}],"version-history":[{"count":2,"href":"https:\/\/delormel-pompes-funebres-marbrerie.com\/en\/wp-json\/wp\/v2\/posts\/3831\/revisions"}],"predecessor-version":[{"id":3833,"href":"https:\/\/delormel-pompes-funebres-marbrerie.com\/en\/wp-json\/wp\/v2\/posts\/3831\/revisions\/3833"}],"wp:featuredmedia":[{"embeddable":true,"href":"https:\/\/delormel-pompes-funebres-marbrerie.com\/en\/wp-json\/wp\/v2\/media\/2819"}],"wp:attachment":[{"href":"https:\/\/delormel-pompes-funebres-marbrerie.com\/en\/wp-json\/wp\/v2\/media?parent=3831"}],"wp:term":[{"taxonomy":"category","embeddable":true,"href":"https:\/\/delormel-pompes-funebres-marbrerie.com\/en\/wp-json\/wp\/v2\/categories?post=3831"},{"taxonomy":"post_tag","embeddable":true,"href":"https:\/\/delormel-pompes-funebres-marbrerie.com\/en\/wp-json\/wp\/v2\/tags?post=3831"}],"curies":[{"name":"wp","href":"https:\/\/api.w.org\/{rel}","templated":true}]}}