{"id":2987,"date":"2022-05-28T15:06:46","date_gmt":"2022-05-28T13:06:46","guid":{"rendered":"https:\/\/delormel-pompes-funebres-marbrerie.com\/?p=2987"},"modified":"2022-05-28T15:06:48","modified_gmt":"2022-05-28T13:06:48","slug":"elisabeth-van-buuren","status":"publish","type":"post","link":"https:\/\/delormel-pompes-funebres-marbrerie.com\/en\/elisabeth-van-buuren\/","title":{"rendered":"Elisabeth VAN BUUREN"},"content":{"rendered":"<p>BAILLEUL LE SOC: Mme Elisabeth VAN BUUREN  dite Babette n\u00e9e POCHOLLE<\/p>\n\n\n\n<p>D\u00e9c\u00e9d\u00e9e le 25 Mai 2022 \u00e0 AMIENS dans sa 68\u00e8me ann\u00e9e.<\/p>\n\n\n\n<p>la c\u00e9r\u00e9monie civile aura lieu le Mardi 31 Mai 2022 \u00e0 10h30 au cimeti\u00e8re de<\/p>\n\n\n\n<p>BAILLEUL LE SOC o\u00f9 l&rsquo;on se r\u00e9unira, suivie de l&rsquo;inhumation.<\/p>","protected":false},"excerpt":{"rendered":"<p>BAILLEUL LE SOC: Mme Elisabeth VAN BUUREN dite Babette n\u00e9e POCHOLLE D\u00e9c\u00e9d\u00e9e le 25 Mai 2022 \u00e0 AMIENS dans sa 68\u00e8me ann\u00e9e. la c\u00e9r\u00e9monie civile aura lieu le Mardi 31 Mai 2022 \u00e0 10h30 au cimeti\u00e8re de BAILLEUL LE SOC o\u00f9 l&rsquo;on se r\u00e9unira, suivie de l&rsquo;inhumation.<\/p>","protected":false},"author":2,"featured_media":2823,"comment_status":"open","ping_status":"closed","sticky":false,"template":"","format":"standard","meta":{"footnotes":""},"categories":[29],"tags":[64,71,72,68],"class_list":["post-2987","post","type-post","status-publish","format-standard","has-post-thumbnail","hentry","category-necrologie","tag-cremation","tag-deuils","tag-enterrements","tag-oise"],"yoast_head":"<!-- This site is optimized with the Yoast SEO plugin v27.5 - https:\/\/yoast.com\/product\/yoast-seo-wordpress\/ -->\n<title>Elisabeth VAN BUUREN - Pompes fun\u00e8bres Delormel &amp; fils - St Just en Chauss\u00e9e<\/title>\n<meta name=\"robots\" content=\"index, follow, max-snippet:-1, max-image-preview:large, max-video-preview:-1\" \/>\n<link rel=\"canonical\" href=\"https:\/\/delormel-pompes-funebres-marbrerie.com\/en\/elisabeth-van-buuren\/\" \/>\n<meta property=\"og:locale\" content=\"en_GB\" \/>\n<meta property=\"og:type\" content=\"article\" \/>\n<meta property=\"og:title\" content=\"Elisabeth VAN BUUREN - Pompes fun\u00e8bres Delormel &amp; fils - St Just en Chauss\u00e9e\" \/>\n<meta property=\"og:description\" content=\"BAILLEUL LE SOC: Mme Elisabeth VAN BUUREN dite Babette n\u00e9e POCHOLLE D\u00e9c\u00e9d\u00e9e le 25 Mai 2022 \u00e0 AMIENS dans sa 68\u00e8me ann\u00e9e. la c\u00e9r\u00e9monie civile aura lieu le Mardi 31 Mai 2022 \u00e0 10h30 au cimeti\u00e8re de BAILLEUL LE SOC o\u00f9 l&rsquo;on se r\u00e9unira, suivie de l&rsquo;inhumation.\" \/>\n<meta property=\"og:url\" content=\"https:\/\/delormel-pompes-funebres-marbrerie.com\/en\/elisabeth-van-buuren\/\" \/>\n<meta property=\"og:site_name\" content=\"Pompes fun\u00e8bres Delormel &amp; fils - St Just en Chauss\u00e9e\" \/>\n<meta property=\"article:published_time\" content=\"2022-05-28T13:06:46+00:00\" \/>\n<meta property=\"article:modified_time\" content=\"2022-05-28T13:06:48+00:00\" \/>\n<meta property=\"og:image\" content=\"https:\/\/delormel-pompes-funebres-marbrerie.com\/wp-content\/uploads\/2022\/02\/bouquet-fleurs-offrir-deuil-e1645548956749.jpeg\" \/>\n\t<meta property=\"og:image:width\" content=\"600\" \/>\n\t<meta property=\"og:image:height\" content=\"400\" \/>\n\t<meta property=\"og:image:type\" content=\"image\/jpeg\" \/>\n<meta name=\"author\" content=\"Hugo Delormel\" \/>\n<meta name=\"twitter:card\" content=\"summary_large_image\" \/>\n<meta name=\"twitter:label1\" content=\"Written by\" \/>\n\t<meta name=\"twitter:data1\" content=\"Hugo Delormel\" \/>\n\t<meta name=\"twitter:label2\" content=\"Estimated reading time\" \/>\n\t<meta name=\"twitter:data2\" content=\"1 minute\" \/>\n<script type=\"application\/ld+json\" class=\"yoast-schema-graph\">{\"@context\":\"https:\\\/\\\/schema.org\",\"@graph\":[{\"@type\":\"Article\",\"@id\":\"https:\\\/\\\/delormel-pompes-funebres-marbrerie.com\\\/elisabeth-van-buuren\\\/#article\",\"isPartOf\":{\"@id\":\"https:\\\/\\\/delormel-pompes-funebres-marbrerie.com\\\/elisabeth-van-buuren\\\/\"},\"author\":{\"name\":\"Hugo Delormel\",\"@id\":\"https:\\\/\\\/delormel-pompes-funebres-marbrerie.com\\\/#\\\/schema\\\/person\\\/c651fce0739482ce8dad80f22a800a6f\"},\"headline\":\"Elisabeth VAN BUUREN\",\"datePublished\":\"2022-05-28T13:06:46+00:00\",\"dateModified\":\"2022-05-28T13:06:48+00:00\",\"mainEntityOfPage\":{\"@id\":\"https:\\\/\\\/delormel-pompes-funebres-marbrerie.com\\\/elisabeth-van-buuren\\\/\"},\"wordCount\":55,\"commentCount\":1,\"image\":{\"@id\":\"https:\\\/\\\/delormel-pompes-funebres-marbrerie.com\\\/elisabeth-van-buuren\\\/#primaryimage\"},\"thumbnailUrl\":\"https:\\\/\\\/delormel-pompes-funebres-marbrerie.com\\\/wp-content\\\/uploads\\\/2022\\\/02\\\/bouquet-fleurs-offrir-deuil-e1645548956749.jpeg\",\"keywords\":[\"cr\u00e9mation\",\"deuils\",\"enterrements\",\"oise\"],\"articleSection\":[\"N\u00e9crologie\"],\"inLanguage\":\"en-GB\",\"potentialAction\":[{\"@type\":\"CommentAction\",\"name\":\"Comment\",\"target\":[\"https:\\\/\\\/delormel-pompes-funebres-marbrerie.com\\\/elisabeth-van-buuren\\\/#respond\"]}]},{\"@type\":\"WebPage\",\"@id\":\"https:\\\/\\\/delormel-pompes-funebres-marbrerie.com\\\/elisabeth-van-buuren\\\/\",\"url\":\"https:\\\/\\\/delormel-pompes-funebres-marbrerie.com\\\/elisabeth-van-buuren\\\/\",\"name\":\"Elisabeth VAN BUUREN - Pompes fun\u00e8bres Delormel &amp; fils - St Just en Chauss\u00e9e\",\"isPartOf\":{\"@id\":\"https:\\\/\\\/delormel-pompes-funebres-marbrerie.com\\\/#website\"},\"primaryImageOfPage\":{\"@id\":\"https:\\\/\\\/delormel-pompes-funebres-marbrerie.com\\\/elisabeth-van-buuren\\\/#primaryimage\"},\"image\":{\"@id\":\"https:\\\/\\\/delormel-pompes-funebres-marbrerie.com\\\/elisabeth-van-buuren\\\/#primaryimage\"},\"thumbnailUrl\":\"https:\\\/\\\/delormel-pompes-funebres-marbrerie.com\\\/wp-content\\\/uploads\\\/2022\\\/02\\\/bouquet-fleurs-offrir-deuil-e1645548956749.jpeg\",\"datePublished\":\"2022-05-28T13:06:46+00:00\",\"dateModified\":\"2022-05-28T13:06:48+00:00\",\"author\":{\"@id\":\"https:\\\/\\\/delormel-pompes-funebres-marbrerie.com\\\/#\\\/schema\\\/person\\\/c651fce0739482ce8dad80f22a800a6f\"},\"breadcrumb\":{\"@id\":\"https:\\\/\\\/delormel-pompes-funebres-marbrerie.com\\\/elisabeth-van-buuren\\\/#breadcrumb\"},\"inLanguage\":\"en-GB\",\"potentialAction\":[{\"@type\":\"ReadAction\",\"target\":[\"https:\\\/\\\/delormel-pompes-funebres-marbrerie.com\\\/elisabeth-van-buuren\\\/\"]}]},{\"@type\":\"ImageObject\",\"inLanguage\":\"en-GB\",\"@id\":\"https:\\\/\\\/delormel-pompes-funebres-marbrerie.com\\\/elisabeth-van-buuren\\\/#primaryimage\",\"url\":\"https:\\\/\\\/delormel-pompes-funebres-marbrerie.com\\\/wp-content\\\/uploads\\\/2022\\\/02\\\/bouquet-fleurs-offrir-deuil-e1645548956749.jpeg\",\"contentUrl\":\"https:\\\/\\\/delormel-pompes-funebres-marbrerie.com\\\/wp-content\\\/uploads\\\/2022\\\/02\\\/bouquet-fleurs-offrir-deuil-e1645548956749.jpeg\",\"width\":600,\"height\":400},{\"@type\":\"BreadcrumbList\",\"@id\":\"https:\\\/\\\/delormel-pompes-funebres-marbrerie.com\\\/elisabeth-van-buuren\\\/#breadcrumb\",\"itemListElement\":[{\"@type\":\"ListItem\",\"position\":1,\"name\":\"Accueil\",\"item\":\"https:\\\/\\\/delormel-pompes-funebres-marbrerie.com\\\/\"},{\"@type\":\"ListItem\",\"position\":2,\"name\":\"Elisabeth VAN BUUREN\"}]},{\"@type\":\"WebSite\",\"@id\":\"https:\\\/\\\/delormel-pompes-funebres-marbrerie.com\\\/#website\",\"url\":\"https:\\\/\\\/delormel-pompes-funebres-marbrerie.com\\\/\",\"name\":\"Pompes fun\u00e8bres Delormel et fils\",\"description\":\"Pompes fun\u00e8bres et marbrerie fun\u00e9raire\",\"potentialAction\":[{\"@type\":\"SearchAction\",\"target\":{\"@type\":\"EntryPoint\",\"urlTemplate\":\"https:\\\/\\\/delormel-pompes-funebres-marbrerie.com\\\/?s={search_term_string}\"},\"query-input\":{\"@type\":\"PropertyValueSpecification\",\"valueRequired\":true,\"valueName\":\"search_term_string\"}}],\"inLanguage\":\"en-GB\"},{\"@type\":\"Person\",\"@id\":\"https:\\\/\\\/delormel-pompes-funebres-marbrerie.com\\\/#\\\/schema\\\/person\\\/c651fce0739482ce8dad80f22a800a6f\",\"name\":\"Hugo Delormel\",\"image\":{\"@type\":\"ImageObject\",\"inLanguage\":\"en-GB\",\"@id\":\"https:\\\/\\\/secure.gravatar.com\\\/avatar\\\/1dc5d56b466df631712bcf1a55d174b9c417cef8c7261728ffeb45cf72dc007d?s=96&d=mm&r=g\",\"url\":\"https:\\\/\\\/secure.gravatar.com\\\/avatar\\\/1dc5d56b466df631712bcf1a55d174b9c417cef8c7261728ffeb45cf72dc007d?s=96&d=mm&r=g\",\"contentUrl\":\"https:\\\/\\\/secure.gravatar.com\\\/avatar\\\/1dc5d56b466df631712bcf1a55d174b9c417cef8c7261728ffeb45cf72dc007d?s=96&d=mm&r=g\",\"caption\":\"Hugo Delormel\"},\"url\":\"https:\\\/\\\/delormel-pompes-funebres-marbrerie.com\\\/en\\\/author\\\/hugo\\\/\"}]}<\/script>\n<!-- \/ Yoast SEO plugin. -->","yoast_head_json":{"title":"Elisabeth VAN BUUREN - Pompes fun\u00e8bres Delormel &amp; fils - St Just en Chauss\u00e9e","robots":{"index":"index","follow":"follow","max-snippet":"max-snippet:-1","max-image-preview":"max-image-preview:large","max-video-preview":"max-video-preview:-1"},"canonical":"https:\/\/delormel-pompes-funebres-marbrerie.com\/en\/elisabeth-van-buuren\/","og_locale":"en_GB","og_type":"article","og_title":"Elisabeth VAN BUUREN - Pompes fun\u00e8bres Delormel &amp; fils - St Just en Chauss\u00e9e","og_description":"BAILLEUL LE SOC: Mme Elisabeth VAN BUUREN dite Babette n\u00e9e POCHOLLE D\u00e9c\u00e9d\u00e9e le 25 Mai 2022 \u00e0 AMIENS dans sa 68\u00e8me ann\u00e9e. la c\u00e9r\u00e9monie civile aura lieu le Mardi 31 Mai 2022 \u00e0 10h30 au cimeti\u00e8re de BAILLEUL LE SOC o\u00f9 l&rsquo;on se r\u00e9unira, suivie de l&rsquo;inhumation.","og_url":"https:\/\/delormel-pompes-funebres-marbrerie.com\/en\/elisabeth-van-buuren\/","og_site_name":"Pompes fun\u00e8bres Delormel &amp; fils - St Just en Chauss\u00e9e","article_published_time":"2022-05-28T13:06:46+00:00","article_modified_time":"2022-05-28T13:06:48+00:00","og_image":[{"width":600,"height":400,"url":"https:\/\/delormel-pompes-funebres-marbrerie.com\/wp-content\/uploads\/2022\/02\/bouquet-fleurs-offrir-deuil-e1645548956749.jpeg","type":"image\/jpeg"}],"author":"Hugo Delormel","twitter_card":"summary_large_image","twitter_misc":{"Written by":"Hugo Delormel","Estimated reading time":"1 minute"},"schema":{"@context":"https:\/\/schema.org","@graph":[{"@type":"Article","@id":"https:\/\/delormel-pompes-funebres-marbrerie.com\/elisabeth-van-buuren\/#article","isPartOf":{"@id":"https:\/\/delormel-pompes-funebres-marbrerie.com\/elisabeth-van-buuren\/"},"author":{"name":"Hugo Delormel","@id":"https:\/\/delormel-pompes-funebres-marbrerie.com\/#\/schema\/person\/c651fce0739482ce8dad80f22a800a6f"},"headline":"Elisabeth VAN BUUREN","datePublished":"2022-05-28T13:06:46+00:00","dateModified":"2022-05-28T13:06:48+00:00","mainEntityOfPage":{"@id":"https:\/\/delormel-pompes-funebres-marbrerie.com\/elisabeth-van-buuren\/"},"wordCount":55,"commentCount":1,"image":{"@id":"https:\/\/delormel-pompes-funebres-marbrerie.com\/elisabeth-van-buuren\/#primaryimage"},"thumbnailUrl":"https:\/\/delormel-pompes-funebres-marbrerie.com\/wp-content\/uploads\/2022\/02\/bouquet-fleurs-offrir-deuil-e1645548956749.jpeg","keywords":["cr\u00e9mation","deuils","enterrements","oise"],"articleSection":["N\u00e9crologie"],"inLanguage":"en-GB","potentialAction":[{"@type":"CommentAction","name":"Comment","target":["https:\/\/delormel-pompes-funebres-marbrerie.com\/elisabeth-van-buuren\/#respond"]}]},{"@type":"WebPage","@id":"https:\/\/delormel-pompes-funebres-marbrerie.com\/elisabeth-van-buuren\/","url":"https:\/\/delormel-pompes-funebres-marbrerie.com\/elisabeth-van-buuren\/","name":"Elisabeth VAN BUUREN - Pompes fun\u00e8bres Delormel &amp; fils - St Just en Chauss\u00e9e","isPartOf":{"@id":"https:\/\/delormel-pompes-funebres-marbrerie.com\/#website"},"primaryImageOfPage":{"@id":"https:\/\/delormel-pompes-funebres-marbrerie.com\/elisabeth-van-buuren\/#primaryimage"},"image":{"@id":"https:\/\/delormel-pompes-funebres-marbrerie.com\/elisabeth-van-buuren\/#primaryimage"},"thumbnailUrl":"https:\/\/delormel-pompes-funebres-marbrerie.com\/wp-content\/uploads\/2022\/02\/bouquet-fleurs-offrir-deuil-e1645548956749.jpeg","datePublished":"2022-05-28T13:06:46+00:00","dateModified":"2022-05-28T13:06:48+00:00","author":{"@id":"https:\/\/delormel-pompes-funebres-marbrerie.com\/#\/schema\/person\/c651fce0739482ce8dad80f22a800a6f"},"breadcrumb":{"@id":"https:\/\/delormel-pompes-funebres-marbrerie.com\/elisabeth-van-buuren\/#breadcrumb"},"inLanguage":"en-GB","potentialAction":[{"@type":"ReadAction","target":["https:\/\/delormel-pompes-funebres-marbrerie.com\/elisabeth-van-buuren\/"]}]},{"@type":"ImageObject","inLanguage":"en-GB","@id":"https:\/\/delormel-pompes-funebres-marbrerie.com\/elisabeth-van-buuren\/#primaryimage","url":"https:\/\/delormel-pompes-funebres-marbrerie.com\/wp-content\/uploads\/2022\/02\/bouquet-fleurs-offrir-deuil-e1645548956749.jpeg","contentUrl":"https:\/\/delormel-pompes-funebres-marbrerie.com\/wp-content\/uploads\/2022\/02\/bouquet-fleurs-offrir-deuil-e1645548956749.jpeg","width":600,"height":400},{"@type":"BreadcrumbList","@id":"https:\/\/delormel-pompes-funebres-marbrerie.com\/elisabeth-van-buuren\/#breadcrumb","itemListElement":[{"@type":"ListItem","position":1,"name":"Accueil","item":"https:\/\/delormel-pompes-funebres-marbrerie.com\/"},{"@type":"ListItem","position":2,"name":"Elisabeth VAN BUUREN"}]},{"@type":"WebSite","@id":"https:\/\/delormel-pompes-funebres-marbrerie.com\/#website","url":"https:\/\/delormel-pompes-funebres-marbrerie.com\/","name":"Pompes fun\u00e8bres Delormel et fils","description":"Pompes fun\u00e8bres et marbrerie fun\u00e9raire","potentialAction":[{"@type":"SearchAction","target":{"@type":"EntryPoint","urlTemplate":"https:\/\/delormel-pompes-funebres-marbrerie.com\/?s={search_term_string}"},"query-input":{"@type":"PropertyValueSpecification","valueRequired":true,"valueName":"search_term_string"}}],"inLanguage":"en-GB"},{"@type":"Person","@id":"https:\/\/delormel-pompes-funebres-marbrerie.com\/#\/schema\/person\/c651fce0739482ce8dad80f22a800a6f","name":"Hugo Delormel","image":{"@type":"ImageObject","inLanguage":"en-GB","@id":"https:\/\/secure.gravatar.com\/avatar\/1dc5d56b466df631712bcf1a55d174b9c417cef8c7261728ffeb45cf72dc007d?s=96&d=mm&r=g","url":"https:\/\/secure.gravatar.com\/avatar\/1dc5d56b466df631712bcf1a55d174b9c417cef8c7261728ffeb45cf72dc007d?s=96&d=mm&r=g","contentUrl":"https:\/\/secure.gravatar.com\/avatar\/1dc5d56b466df631712bcf1a55d174b9c417cef8c7261728ffeb45cf72dc007d?s=96&d=mm&r=g","caption":"Hugo Delormel"},"url":"https:\/\/delormel-pompes-funebres-marbrerie.com\/en\/author\/hugo\/"}]}},"_links":{"self":[{"href":"https:\/\/delormel-pompes-funebres-marbrerie.com\/en\/wp-json\/wp\/v2\/posts\/2987","targetHints":{"allow":["GET"]}}],"collection":[{"href":"https:\/\/delormel-pompes-funebres-marbrerie.com\/en\/wp-json\/wp\/v2\/posts"}],"about":[{"href":"https:\/\/delormel-pompes-funebres-marbrerie.com\/en\/wp-json\/wp\/v2\/types\/post"}],"author":[{"embeddable":true,"href":"https:\/\/delormel-pompes-funebres-marbrerie.com\/en\/wp-json\/wp\/v2\/users\/2"}],"replies":[{"embeddable":true,"href":"https:\/\/delormel-pompes-funebres-marbrerie.com\/en\/wp-json\/wp\/v2\/comments?post=2987"}],"version-history":[{"count":2,"href":"https:\/\/delormel-pompes-funebres-marbrerie.com\/en\/wp-json\/wp\/v2\/posts\/2987\/revisions"}],"predecessor-version":[{"id":2989,"href":"https:\/\/delormel-pompes-funebres-marbrerie.com\/en\/wp-json\/wp\/v2\/posts\/2987\/revisions\/2989"}],"wp:featuredmedia":[{"embeddable":true,"href":"https:\/\/delormel-pompes-funebres-marbrerie.com\/en\/wp-json\/wp\/v2\/media\/2823"}],"wp:attachment":[{"href":"https:\/\/delormel-pompes-funebres-marbrerie.com\/en\/wp-json\/wp\/v2\/media?parent=2987"}],"wp:term":[{"taxonomy":"category","embeddable":true,"href":"https:\/\/delormel-pompes-funebres-marbrerie.com\/en\/wp-json\/wp\/v2\/categories?post=2987"},{"taxonomy":"post_tag","embeddable":true,"href":"https:\/\/delormel-pompes-funebres-marbrerie.com\/en\/wp-json\/wp\/v2\/tags?post=2987"}],"curies":[{"name":"wp","href":"https:\/\/api.w.org\/{rel}","templated":true}]}}